{"id":5898,"date":"2026-03-27T10:50:06","date_gmt":"2026-03-27T09:50:06","guid":{"rendered":"https:\/\/vspoechlarn.ac.at\/wordpress\/?p=5898"},"modified":"2026-04-07T22:31:07","modified_gmt":"2026-04-07T20:31:07","slug":"lesen-deine-superkraft","status":"publish","type":"post","link":"https:\/\/vspoechlarn.ac.at\/wordpress\/2026\/03\/27\/lesen-deine-superkraft\/","title":{"rendered":"Lesen &#8211; deine Superkraft"},"content":{"rendered":"<p><u>Vorlesetag<\/u><\/p>\n<p>Anl\u00e4sslich des internationalen Vorlesetages gab es f\u00fcr unsere M\u00e4dchen und Buben vor den Osterferien die M\u00f6glichkeit ins Lesekino zu gehen. Heuer standen 10 Andersen\u2013M\u00e4rchen am Programm. Die Kinder durften daf\u00fcr im Vorfeld aus einem spannenden Angebot\u00a0 w\u00e4hlen und eine Eintrittskarte \u00a0reservieren.\u00a0 Erst am Vorstellungstag erfuhren sie, welche Lehrerin das gew\u00e4hlte M\u00e4rchen vortrug \u2013 was die Spannung noch verst\u00e4rkte. Schlussendlich gab es 125 strahlende Gesichter und die Hoffnung, dass diese Aktion die Lesefreude der uns anvertrauten Kinder steigern\u00a0 wird.<\/p>\n<div id=\"gallery_5898_1\" class=\"row\">\r\n\t    \t<div id=\"5898-image-5901\" class=\"col-xs-12 col-sm-3 col-md-3\">\r\n        \t\t\t\t\t\r\n\t\t\t<div class=\"thumbnail\">\r\n        \t\t\t\t\t\r\n\t\t\t\t<a href='https:\/\/vspoechlarn.ac.at\/wordpress\/2026\/03\/27\/lesen-deine-superkraft\/3-mittel-2\/'><img loading=\"lazy\" decoding=\"async\" width=\"768\" height=\"1024\" src=\"https:\/\/vspoechlarn.ac.at\/wordpress\/wp-content\/uploads\/2026\/03\/3-Mittel-1.jpg\" class=\"attachment-large size-large\" alt=\"\" srcset=\"https:\/\/vspoechlarn.ac.at\/wordpress\/wp-content\/uploads\/2026\/03\/3-Mittel-1.jpg 768w, https:\/\/vspoechlarn.ac.at\/wordpress\/wp-content\/uploads\/2026\/03\/3-Mittel-1-225x300.jpg 225w, https:\/\/vspoechlarn.ac.at\/wordpress\/wp-content\/uploads\/2026\/03\/3-Mittel-1-188x250.jpg 188w\" sizes=\"auto, (max-width: 768px) 100vw, 768px\" \/><\/a>            <\/div>\r\n        <\/div>\r\n        \t<div id=\"5898-image-5899\" class=\"col-xs-12 col-sm-3 col-md-3\">\r\n        \t\t\t\t\t\r\n\t\t\t<div class=\"thumbnail\">\r\n        \t\t\t\t\t\r\n\t\t\t\t<a href='https:\/\/vspoechlarn.ac.at\/wordpress\/2026\/03\/27\/lesen-deine-superkraft\/1-mittel-3\/'><img loading=\"lazy\" decoding=\"async\" width=\"900\" height=\"675\" src=\"https:\/\/vspoechlarn.ac.at\/wordpress\/wp-content\/uploads\/2026\/03\/1-Mittel-2.jpg\" class=\"attachment-large size-large\" alt=\"\" srcset=\"https:\/\/vspoechlarn.ac.at\/wordpress\/wp-content\/uploads\/2026\/03\/1-Mittel-2.jpg 1024w, https:\/\/vspoechlarn.ac.at\/wordpress\/wp-content\/uploads\/2026\/03\/1-Mittel-2-350x263.jpg 350w, https:\/\/vspoechlarn.ac.at\/wordpress\/wp-content\/uploads\/2026\/03\/1-Mittel-2-250x188.jpg 250w\" sizes=\"auto, (max-width: 900px) 100vw, 900px\" \/><\/a>            <\/div>\r\n        <\/div>\r\n    <div class=\"clearfix visible-sm-block\"><\/div>    \t<div id=\"5898-image-5902\" class=\"col-xs-12 col-sm-3 col-md-3\">\r\n        \t\t\t\t\t\r\n\t\t\t<div class=\"thumbnail\">\r\n        \t\t\t\t\t\r\n\t\t\t\t<a href='https:\/\/vspoechlarn.ac.at\/wordpress\/2026\/03\/27\/lesen-deine-superkraft\/4-mittel-2\/'><img loading=\"lazy\" decoding=\"async\" width=\"900\" height=\"675\" src=\"https:\/\/vspoechlarn.ac.at\/wordpress\/wp-content\/uploads\/2026\/03\/4-Mittel-1.jpg\" class=\"attachment-large size-large\" alt=\"\" srcset=\"https:\/\/vspoechlarn.ac.at\/wordpress\/wp-content\/uploads\/2026\/03\/4-Mittel-1.jpg 1024w, https:\/\/vspoechlarn.ac.at\/wordpress\/wp-content\/uploads\/2026\/03\/4-Mittel-1-350x263.jpg 350w, https:\/\/vspoechlarn.ac.at\/wordpress\/wp-content\/uploads\/2026\/03\/4-Mittel-1-250x188.jpg 250w\" sizes=\"auto, (max-width: 900px) 100vw, 900px\" \/><\/a>            <\/div>\r\n        <\/div>\r\n        \t<div id=\"5898-image-5903\" class=\"col-xs-12 col-sm-3 col-md-3\">\r\n        \t\t\t\t\t\r\n\t\t\t<div class=\"thumbnail\">\r\n        \t\t\t\t\t\r\n\t\t\t\t<a href='https:\/\/vspoechlarn.ac.at\/wordpress\/2026\/03\/27\/lesen-deine-superkraft\/5-mittel-2\/'><img loading=\"lazy\" decoding=\"async\" width=\"900\" height=\"675\" src=\"https:\/\/vspoechlarn.ac.at\/wordpress\/wp-content\/uploads\/2026\/03\/5-Mittel.jpg\" class=\"attachment-large size-large\" alt=\"\" srcset=\"https:\/\/vspoechlarn.ac.at\/wordpress\/wp-content\/uploads\/2026\/03\/5-Mittel.jpg 1024w, https:\/\/vspoechlarn.ac.at\/wordpress\/wp-content\/uploads\/2026\/03\/5-Mittel-350x263.jpg 350w, https:\/\/vspoechlarn.ac.at\/wordpress\/wp-content\/uploads\/2026\/03\/5-Mittel-250x188.jpg 250w\" sizes=\"auto, (max-width: 900px) 100vw, 900px\" \/><\/a>            <\/div>\r\n        <\/div>\r\n    <div class=\"clearfix visible-sm-block\"><\/div><div class=\"clearfix visible-md-block visible-lg-block\"><\/div>    \t<div id=\"5898-image-5904\" class=\"col-xs-12 col-sm-3 col-md-3\">\r\n        \t\t\t\t\t\r\n\t\t\t<div class=\"thumbnail\">\r\n        \t\t\t\t\t\r\n\t\t\t\t<a href='https:\/\/vspoechlarn.ac.at\/wordpress\/2026\/03\/27\/lesen-deine-superkraft\/6-mittel-2\/'><img loading=\"lazy\" decoding=\"async\" width=\"900\" height=\"675\" src=\"https:\/\/vspoechlarn.ac.at\/wordpress\/wp-content\/uploads\/2026\/03\/6-Mittel-1.jpg\" class=\"attachment-large size-large\" alt=\"\" srcset=\"https:\/\/vspoechlarn.ac.at\/wordpress\/wp-content\/uploads\/2026\/03\/6-Mittel-1.jpg 1024w, https:\/\/vspoechlarn.ac.at\/wordpress\/wp-content\/uploads\/2026\/03\/6-Mittel-1-350x263.jpg 350w, https:\/\/vspoechlarn.ac.at\/wordpress\/wp-content\/uploads\/2026\/03\/6-Mittel-1-250x188.jpg 250w\" sizes=\"auto, (max-width: 900px) 100vw, 900px\" \/><\/a>            <\/div>\r\n        <\/div>\r\n        \t<div id=\"5898-image-5911\" class=\"col-xs-12 col-sm-3 col-md-3\">\r\n        \t\t\t\t\t\r\n\t\t\t<div class=\"thumbnail\">\r\n        \t\t\t\t\t\r\n\t\t\t\t<a href='https:\/\/vspoechlarn.ac.at\/wordpress\/2026\/03\/27\/lesen-deine-superkraft\/11-mittel\/'><img loading=\"lazy\" decoding=\"async\" width=\"900\" height=\"675\" src=\"https:\/\/vspoechlarn.ac.at\/wordpress\/wp-content\/uploads\/2026\/03\/11-Mittel.jpg\" class=\"attachment-large size-large\" alt=\"\" srcset=\"https:\/\/vspoechlarn.ac.at\/wordpress\/wp-content\/uploads\/2026\/03\/11-Mittel.jpg 1024w, https:\/\/vspoechlarn.ac.at\/wordpress\/wp-content\/uploads\/2026\/03\/11-Mittel-350x263.jpg 350w, https:\/\/vspoechlarn.ac.at\/wordpress\/wp-content\/uploads\/2026\/03\/11-Mittel-250x188.jpg 250w\" sizes=\"auto, (max-width: 900px) 100vw, 900px\" \/><\/a>            <\/div>\r\n        <\/div>\r\n    <div class=\"clearfix visible-sm-block\"><\/div>    \t<div id=\"5898-image-5912\" class=\"col-xs-12 col-sm-3 col-md-3\">\r\n        \t\t\t\t\t\r\n\t\t\t<div class=\"thumbnail\">\r\n        \t\t\t\t\t\r\n\t\t\t\t<a href='https:\/\/vspoechlarn.ac.at\/wordpress\/2026\/03\/27\/lesen-deine-superkraft\/12-mittel-2\/'><img loading=\"lazy\" decoding=\"async\" width=\"900\" height=\"675\" src=\"https:\/\/vspoechlarn.ac.at\/wordpress\/wp-content\/uploads\/2026\/03\/12-Mittel.jpg\" class=\"attachment-large size-large\" alt=\"\" srcset=\"https:\/\/vspoechlarn.ac.at\/wordpress\/wp-content\/uploads\/2026\/03\/12-Mittel.jpg 1024w, https:\/\/vspoechlarn.ac.at\/wordpress\/wp-content\/uploads\/2026\/03\/12-Mittel-350x263.jpg 350w, https:\/\/vspoechlarn.ac.at\/wordpress\/wp-content\/uploads\/2026\/03\/12-Mittel-250x188.jpg 250w\" sizes=\"auto, (max-width: 900px) 100vw, 900px\" \/><\/a>            <\/div>\r\n        <\/div>\r\n        \t<div id=\"5898-image-5905\" class=\"col-xs-12 col-sm-3 col-md-3\">\r\n        \t\t\t\t\t\r\n\t\t\t<div class=\"thumbnail\">\r\n        \t\t\t\t\t\r\n\t\t\t\t<a href='https:\/\/vspoechlarn.ac.at\/wordpress\/2026\/03\/27\/lesen-deine-superkraft\/7-mittel-2\/'><img loading=\"lazy\" decoding=\"async\" width=\"900\" height=\"675\" src=\"https:\/\/vspoechlarn.ac.at\/wordpress\/wp-content\/uploads\/2026\/03\/7-Mittel-1.jpg\" class=\"attachment-large size-large\" alt=\"\" srcset=\"https:\/\/vspoechlarn.ac.at\/wordpress\/wp-content\/uploads\/2026\/03\/7-Mittel-1.jpg 1024w, https:\/\/vspoechlarn.ac.at\/wordpress\/wp-content\/uploads\/2026\/03\/7-Mittel-1-350x263.jpg 350w, https:\/\/vspoechlarn.ac.at\/wordpress\/wp-content\/uploads\/2026\/03\/7-Mittel-1-250x188.jpg 250w\" sizes=\"auto, (max-width: 900px) 100vw, 900px\" \/><\/a>            <\/div>\r\n        <\/div>\r\n    <div class=\"clearfix visible-sm-block\"><\/div><div class=\"clearfix visible-md-block visible-lg-block\"><\/div>    \t<div id=\"5898-image-5906\" class=\"col-xs-12 col-sm-3 col-md-3\">\r\n        \t\t\t\t\t\r\n\t\t\t<div class=\"thumbnail\">\r\n        \t\t\t\t\t\r\n\t\t\t\t<a href='https:\/\/vspoechlarn.ac.at\/wordpress\/2026\/03\/27\/lesen-deine-superkraft\/8-mittel-2\/'><img loading=\"lazy\" decoding=\"async\" width=\"900\" height=\"675\" src=\"https:\/\/vspoechlarn.ac.at\/wordpress\/wp-content\/uploads\/2026\/03\/8-Mittel.jpg\" class=\"attachment-large size-large\" alt=\"\" srcset=\"https:\/\/vspoechlarn.ac.at\/wordpress\/wp-content\/uploads\/2026\/03\/8-Mittel.jpg 1024w, https:\/\/vspoechlarn.ac.at\/wordpress\/wp-content\/uploads\/2026\/03\/8-Mittel-350x263.jpg 350w, https:\/\/vspoechlarn.ac.at\/wordpress\/wp-content\/uploads\/2026\/03\/8-Mittel-250x188.jpg 250w\" sizes=\"auto, (max-width: 900px) 100vw, 900px\" \/><\/a>            <\/div>\r\n        <\/div>\r\n        \t<div id=\"5898-image-5907\" class=\"col-xs-12 col-sm-3 col-md-3\">\r\n        \t\t\t\t\t\r\n\t\t\t<div class=\"thumbnail\">\r\n        \t\t\t\t\t\r\n\t\t\t\t<a href='https:\/\/vspoechlarn.ac.at\/wordpress\/2026\/03\/27\/lesen-deine-superkraft\/9-mittel\/'><img loading=\"lazy\" decoding=\"async\" width=\"900\" height=\"675\" src=\"https:\/\/vspoechlarn.ac.at\/wordpress\/wp-content\/uploads\/2026\/03\/9-Mittel.jpg\" class=\"attachment-large size-large\" alt=\"\" srcset=\"https:\/\/vspoechlarn.ac.at\/wordpress\/wp-content\/uploads\/2026\/03\/9-Mittel.jpg 1024w, https:\/\/vspoechlarn.ac.at\/wordpress\/wp-content\/uploads\/2026\/03\/9-Mittel-350x263.jpg 350w, https:\/\/vspoechlarn.ac.at\/wordpress\/wp-content\/uploads\/2026\/03\/9-Mittel-250x188.jpg 250w\" sizes=\"auto, (max-width: 900px) 100vw, 900px\" \/><\/a>            <\/div>\r\n        <\/div>\r\n    <div class=\"clearfix visible-sm-block\"><\/div>    \t<div id=\"5898-image-5900\" class=\"col-xs-12 col-sm-3 col-md-3\">\r\n        \t\t\t\t\t\r\n\t\t\t<div class=\"thumbnail\">\r\n        \t\t\t\t\t\r\n\t\t\t\t<a href='https:\/\/vspoechlarn.ac.at\/wordpress\/2026\/03\/27\/lesen-deine-superkraft\/2-mittel-3\/'><img loading=\"lazy\" decoding=\"async\" width=\"900\" height=\"675\" src=\"https:\/\/vspoechlarn.ac.at\/wordpress\/wp-content\/uploads\/2026\/03\/2-Mittel-2.jpg\" class=\"attachment-large size-large\" alt=\"\" srcset=\"https:\/\/vspoechlarn.ac.at\/wordpress\/wp-content\/uploads\/2026\/03\/2-Mittel-2.jpg 1024w, https:\/\/vspoechlarn.ac.at\/wordpress\/wp-content\/uploads\/2026\/03\/2-Mittel-2-350x263.jpg 350w, https:\/\/vspoechlarn.ac.at\/wordpress\/wp-content\/uploads\/2026\/03\/2-Mittel-2-250x188.jpg 250w\" sizes=\"auto, (max-width: 900px) 100vw, 900px\" \/><\/a>            <\/div>\r\n        <\/div>\r\n        \t<div id=\"5898-image-5910\" class=\"col-xs-12 col-sm-3 col-md-3\">\r\n        \t\t\t\t\t\r\n\t\t\t<div class=\"thumbnail\">\r\n        \t\t\t\t\t\r\n\t\t\t\t<a href='https:\/\/vspoechlarn.ac.at\/wordpress\/2026\/03\/27\/lesen-deine-superkraft\/img_8079-mittel\/'><img loading=\"lazy\" decoding=\"async\" width=\"900\" height=\"675\" src=\"https:\/\/vspoechlarn.ac.at\/wordpress\/wp-content\/uploads\/2026\/03\/IMG_8079-Mittel.jpeg\" class=\"attachment-large size-large\" alt=\"\" srcset=\"https:\/\/vspoechlarn.ac.at\/wordpress\/wp-content\/uploads\/2026\/03\/IMG_8079-Mittel.jpeg 1024w, https:\/\/vspoechlarn.ac.at\/wordpress\/wp-content\/uploads\/2026\/03\/IMG_8079-Mittel-350x263.jpeg 350w, https:\/\/vspoechlarn.ac.at\/wordpress\/wp-content\/uploads\/2026\/03\/IMG_8079-Mittel-250x188.jpeg 250w\" sizes=\"auto, (max-width: 900px) 100vw, 900px\" \/><\/a>            <\/div>\r\n        <\/div>\r\n    <div class=\"clearfix visible-sm-block\"><\/div><div class=\"clearfix visible-md-block visible-lg-block\"><\/div>\r\n<\/div>\n<p>&nbsp;<\/p>\n","protected":false},"excerpt":{"rendered":"<p>Vorlesetag Anl\u00e4sslich des internationalen Vorlesetages gab es f\u00fcr unsere M\u00e4dchen und Buben vor den Osterferien die M\u00f6glichkeit ins Lesekino zu gehen. Heuer standen 10 Andersen\u2013M\u00e4rchen am Programm. Die Kinder durften [&hellip;]<\/p>\n","protected":false},"author":1,"featured_media":0,"comment_status":"closed","ping_status":"closed","sticky":false,"template":"","format":"standard","meta":{"footnotes":""},"categories":[1],"tags":[],"class_list":["post-5898","post","type-post","status-publish","format-standard","hentry","category-allgemein"],"_links":{"self":[{"href":"https:\/\/vspoechlarn.ac.at\/wordpress\/wp-json\/wp\/v2\/posts\/5898","targetHints":{"allow":["GET"]}}],"collection":[{"href":"https:\/\/vspoechlarn.ac.at\/wordpress\/wp-json\/wp\/v2\/posts"}],"about":[{"href":"https:\/\/vspoechlarn.ac.at\/wordpress\/wp-json\/wp\/v2\/types\/post"}],"author":[{"embeddable":true,"href":"https:\/\/vspoechlarn.ac.at\/wordpress\/wp-json\/wp\/v2\/users\/1"}],"replies":[{"embeddable":true,"href":"https:\/\/vspoechlarn.ac.at\/wordpress\/wp-json\/wp\/v2\/comments?post=5898"}],"version-history":[{"count":2,"href":"https:\/\/vspoechlarn.ac.at\/wordpress\/wp-json\/wp\/v2\/posts\/5898\/revisions"}],"predecessor-version":[{"id":5915,"href":"https:\/\/vspoechlarn.ac.at\/wordpress\/wp-json\/wp\/v2\/posts\/5898\/revisions\/5915"}],"wp:attachment":[{"href":"https:\/\/vspoechlarn.ac.at\/wordpress\/wp-json\/wp\/v2\/media?parent=5898"}],"wp:term":[{"taxonomy":"category","embeddable":true,"href":"https:\/\/vspoechlarn.ac.at\/wordpress\/wp-json\/wp\/v2\/categories?post=5898"},{"taxonomy":"post_tag","embeddable":true,"href":"https:\/\/vspoechlarn.ac.at\/wordpress\/wp-json\/wp\/v2\/tags?post=5898"}],"curies":[{"name":"wp","href":"https:\/\/api.w.org\/{rel}","templated":true}]}}