{"id":5819,"date":"2026-02-27T11:55:36","date_gmt":"2026-02-27T10:55:36","guid":{"rendered":"https:\/\/vspoechlarn.ac.at\/wordpress\/?p=5819"},"modified":"2026-02-27T11:58:23","modified_gmt":"2026-02-27T10:58:23","slug":"girls-for-goals","status":"publish","type":"post","link":"https:\/\/vspoechlarn.ac.at\/wordpress\/2026\/02\/27\/girls-for-goals\/","title":{"rendered":"Girls for Goals"},"content":{"rendered":"<p>Die M\u00e4dchen der 1. und 2. Klassen durften heute ein Fu\u00dfball-Schnuppertraining absolvieren. Der N\u00d6 Fu\u00dfballverband, als Initiator dieser Aktion, entsandte daf\u00fcr die Trainerin der U16 aus Melk, Gabriela Leimhofer, und von der Wiener Austria die Mittelfeldspielerin Tatjana Weiss. Mit gro\u00dfer Begeisterung machten die M\u00e4dchen bei allen \u00dcungen mit und lie\u00dfen im abschlie\u00dfenden Match ihr Talent aufblitzen. Hoffentlich folgen schon bald viele Tore beim SV Cemix P\u00f6chlarn.<\/p>\n<div id=\"gallery_5819_1\" class=\"row\">\r\n\t    \t<div id=\"5819-image-5820\" class=\"col-xs-12 col-sm-3 col-md-3\">\r\n        \t\t\t\t\t\r\n\t\t\t<div class=\"thumbnail\">\r\n        \t\t\t\t\t\r\n\t\t\t\t<a href='https:\/\/vspoechlarn.ac.at\/wordpress\/2026\/02\/27\/girls-for-goals\/1-mittel-kopie\/'><img loading=\"lazy\" decoding=\"async\" width=\"900\" height=\"675\" src=\"https:\/\/vspoechlarn.ac.at\/wordpress\/wp-content\/uploads\/2026\/02\/1-Mittel-Kopie.jpg\" class=\"attachment-large size-large\" alt=\"\" srcset=\"https:\/\/vspoechlarn.ac.at\/wordpress\/wp-content\/uploads\/2026\/02\/1-Mittel-Kopie.jpg 1024w, https:\/\/vspoechlarn.ac.at\/wordpress\/wp-content\/uploads\/2026\/02\/1-Mittel-Kopie-350x263.jpg 350w, https:\/\/vspoechlarn.ac.at\/wordpress\/wp-content\/uploads\/2026\/02\/1-Mittel-Kopie-250x188.jpg 250w\" sizes=\"auto, (max-width: 900px) 100vw, 900px\" \/><\/a>            <\/div>\r\n        <\/div>\r\n        \t<div id=\"5819-image-5821\" class=\"col-xs-12 col-sm-3 col-md-3\">\r\n        \t\t\t\t\t\r\n\t\t\t<div class=\"thumbnail\">\r\n        \t\t\t\t\t\r\n\t\t\t\t<a href='https:\/\/vspoechlarn.ac.at\/wordpress\/2026\/02\/27\/girls-for-goals\/2-mittel-kopie\/'><img loading=\"lazy\" decoding=\"async\" width=\"900\" height=\"675\" src=\"https:\/\/vspoechlarn.ac.at\/wordpress\/wp-content\/uploads\/2026\/02\/2-Mittel-Kopie.jpg\" class=\"attachment-large size-large\" alt=\"\" srcset=\"https:\/\/vspoechlarn.ac.at\/wordpress\/wp-content\/uploads\/2026\/02\/2-Mittel-Kopie.jpg 1024w, https:\/\/vspoechlarn.ac.at\/wordpress\/wp-content\/uploads\/2026\/02\/2-Mittel-Kopie-350x263.jpg 350w, https:\/\/vspoechlarn.ac.at\/wordpress\/wp-content\/uploads\/2026\/02\/2-Mittel-Kopie-250x188.jpg 250w\" sizes=\"auto, (max-width: 900px) 100vw, 900px\" \/><\/a>            <\/div>\r\n        <\/div>\r\n    <div class=\"clearfix visible-sm-block\"><\/div>    \t<div id=\"5819-image-5822\" class=\"col-xs-12 col-sm-3 col-md-3\">\r\n        \t\t\t\t\t\r\n\t\t\t<div class=\"thumbnail\">\r\n        \t\t\t\t\t\r\n\t\t\t\t<a href='https:\/\/vspoechlarn.ac.at\/wordpress\/2026\/02\/27\/girls-for-goals\/3-mittel-kopie\/'><img loading=\"lazy\" decoding=\"async\" width=\"768\" height=\"1024\" src=\"https:\/\/vspoechlarn.ac.at\/wordpress\/wp-content\/uploads\/2026\/02\/3-Mittel-Kopie.jpg\" class=\"attachment-large size-large\" alt=\"\" srcset=\"https:\/\/vspoechlarn.ac.at\/wordpress\/wp-content\/uploads\/2026\/02\/3-Mittel-Kopie.jpg 768w, https:\/\/vspoechlarn.ac.at\/wordpress\/wp-content\/uploads\/2026\/02\/3-Mittel-Kopie-225x300.jpg 225w, https:\/\/vspoechlarn.ac.at\/wordpress\/wp-content\/uploads\/2026\/02\/3-Mittel-Kopie-188x250.jpg 188w\" sizes=\"auto, (max-width: 768px) 100vw, 768px\" \/><\/a>            <\/div>\r\n        <\/div>\r\n        \t<div id=\"5819-image-5823\" class=\"col-xs-12 col-sm-3 col-md-3\">\r\n        \t\t\t\t\t\r\n\t\t\t<div class=\"thumbnail\">\r\n        \t\t\t\t\t\r\n\t\t\t\t<a href='https:\/\/vspoechlarn.ac.at\/wordpress\/2026\/02\/27\/girls-for-goals\/4-mittel-kopie\/'><img loading=\"lazy\" decoding=\"async\" width=\"900\" height=\"675\" src=\"https:\/\/vspoechlarn.ac.at\/wordpress\/wp-content\/uploads\/2026\/02\/4-Mittel-Kopie.jpg\" class=\"attachment-large size-large\" alt=\"\" srcset=\"https:\/\/vspoechlarn.ac.at\/wordpress\/wp-content\/uploads\/2026\/02\/4-Mittel-Kopie.jpg 1024w, https:\/\/vspoechlarn.ac.at\/wordpress\/wp-content\/uploads\/2026\/02\/4-Mittel-Kopie-350x263.jpg 350w, https:\/\/vspoechlarn.ac.at\/wordpress\/wp-content\/uploads\/2026\/02\/4-Mittel-Kopie-250x188.jpg 250w\" sizes=\"auto, (max-width: 900px) 100vw, 900px\" \/><\/a>            <\/div>\r\n        <\/div>\r\n    <div class=\"clearfix visible-sm-block\"><\/div><div class=\"clearfix visible-md-block visible-lg-block\"><\/div>\r\n<\/div>\n<p>.<\/p>\n","protected":false},"excerpt":{"rendered":"<p>Die M\u00e4dchen der 1. und 2. Klassen durften heute ein Fu\u00dfball-Schnuppertraining absolvieren. Der N\u00d6 Fu\u00dfballverband, als Initiator dieser Aktion, entsandte daf\u00fcr die Trainerin der U16 aus Melk, Gabriela Leimhofer, und [&hellip;]<\/p>\n","protected":false},"author":1,"featured_media":0,"comment_status":"closed","ping_status":"closed","sticky":false,"template":"","format":"standard","meta":{"footnotes":""},"categories":[1],"tags":[],"class_list":["post-5819","post","type-post","status-publish","format-standard","hentry","category-allgemein"],"_links":{"self":[{"href":"https:\/\/vspoechlarn.ac.at\/wordpress\/wp-json\/wp\/v2\/posts\/5819","targetHints":{"allow":["GET"]}}],"collection":[{"href":"https:\/\/vspoechlarn.ac.at\/wordpress\/wp-json\/wp\/v2\/posts"}],"about":[{"href":"https:\/\/vspoechlarn.ac.at\/wordpress\/wp-json\/wp\/v2\/types\/post"}],"author":[{"embeddable":true,"href":"https:\/\/vspoechlarn.ac.at\/wordpress\/wp-json\/wp\/v2\/users\/1"}],"replies":[{"embeddable":true,"href":"https:\/\/vspoechlarn.ac.at\/wordpress\/wp-json\/wp\/v2\/comments?post=5819"}],"version-history":[{"count":2,"href":"https:\/\/vspoechlarn.ac.at\/wordpress\/wp-json\/wp\/v2\/posts\/5819\/revisions"}],"predecessor-version":[{"id":5825,"href":"https:\/\/vspoechlarn.ac.at\/wordpress\/wp-json\/wp\/v2\/posts\/5819\/revisions\/5825"}],"wp:attachment":[{"href":"https:\/\/vspoechlarn.ac.at\/wordpress\/wp-json\/wp\/v2\/media?parent=5819"}],"wp:term":[{"taxonomy":"category","embeddable":true,"href":"https:\/\/vspoechlarn.ac.at\/wordpress\/wp-json\/wp\/v2\/categories?post=5819"},{"taxonomy":"post_tag","embeddable":true,"href":"https:\/\/vspoechlarn.ac.at\/wordpress\/wp-json\/wp\/v2\/tags?post=5819"}],"curies":[{"name":"wp","href":"https:\/\/api.w.org\/{rel}","templated":true}]}}