{"id":5684,"date":"2025-11-26T16:18:32","date_gmt":"2025-11-26T15:18:32","guid":{"rendered":"https:\/\/vspoechlarn.ac.at\/wordpress\/?p=5684"},"modified":"2025-11-26T16:18:32","modified_gmt":"2025-11-26T15:18:32","slug":"adventeinstimmung","status":"publish","type":"post","link":"https:\/\/vspoechlarn.ac.at\/wordpress\/2025\/11\/26\/adventeinstimmung\/","title":{"rendered":"Adventeinstimmung"},"content":{"rendered":"<p>Zur Adventeinstimmung war Frau Fuchs von der G\u00e4rtnerei Fuchs so nett und band mit den Kindern der 4. Klassen Kr\u00e4nze f\u00fcr die Gangdekoration im Stiegenhaus der Volksschule P\u00f6chlarn. Zus\u00e4tzlich konnten die Kinder Lebkuchen backen und an verschiedenen Stationen zu den F\u00e4chern Deutsch und Mathematik arbeiten.<\/p>\n<div id=\"gallery_5684_1\" class=\"row\">\r\n\t    \t<div id=\"5684-image-5685\" class=\"col-xs-12 col-sm-3 col-md-3\">\r\n        \t\t\t\t\t\r\n\t\t\t<div class=\"thumbnail\">\r\n        \t\t\t\t\t\r\n\t\t\t\t<a href='https:\/\/vspoechlarn.ac.at\/wordpress\/2025\/11\/26\/adventeinstimmung\/img-20251120-wa0013\/'><img loading=\"lazy\" decoding=\"async\" width=\"768\" height=\"1024\" src=\"https:\/\/vspoechlarn.ac.at\/wordpress\/wp-content\/uploads\/2025\/11\/IMG-20251120-WA0013-768x1024.jpg\" class=\"attachment-large size-large\" alt=\"\" srcset=\"https:\/\/vspoechlarn.ac.at\/wordpress\/wp-content\/uploads\/2025\/11\/IMG-20251120-WA0013-768x1024.jpg 768w, https:\/\/vspoechlarn.ac.at\/wordpress\/wp-content\/uploads\/2025\/11\/IMG-20251120-WA0013-225x300.jpg 225w, https:\/\/vspoechlarn.ac.at\/wordpress\/wp-content\/uploads\/2025\/11\/IMG-20251120-WA0013-188x250.jpg 188w, https:\/\/vspoechlarn.ac.at\/wordpress\/wp-content\/uploads\/2025\/11\/IMG-20251120-WA0013-1152x1536.jpg 1152w, https:\/\/vspoechlarn.ac.at\/wordpress\/wp-content\/uploads\/2025\/11\/IMG-20251120-WA0013.jpg 810w\" sizes=\"auto, (max-width: 768px) 100vw, 768px\" \/><\/a>            <\/div>\r\n        <\/div>\r\n        \t<div id=\"5684-image-5686\" class=\"col-xs-12 col-sm-3 col-md-3\">\r\n        \t\t\t\t\t\r\n\t\t\t<div class=\"thumbnail\">\r\n        \t\t\t\t\t\r\n\t\t\t\t<a href='https:\/\/vspoechlarn.ac.at\/wordpress\/2025\/11\/26\/adventeinstimmung\/img-20251120-wa0015\/'><img loading=\"lazy\" decoding=\"async\" width=\"900\" height=\"675\" src=\"https:\/\/vspoechlarn.ac.at\/wordpress\/wp-content\/uploads\/2025\/11\/IMG-20251120-WA0015-1024x768.jpg\" class=\"attachment-large size-large\" alt=\"\" srcset=\"https:\/\/vspoechlarn.ac.at\/wordpress\/wp-content\/uploads\/2025\/11\/IMG-20251120-WA0015-1024x768.jpg 1024w, https:\/\/vspoechlarn.ac.at\/wordpress\/wp-content\/uploads\/2025\/11\/IMG-20251120-WA0015-350x263.jpg 350w, https:\/\/vspoechlarn.ac.at\/wordpress\/wp-content\/uploads\/2025\/11\/IMG-20251120-WA0015-250x188.jpg 250w, https:\/\/vspoechlarn.ac.at\/wordpress\/wp-content\/uploads\/2025\/11\/IMG-20251120-WA0015-1536x1152.jpg 1536w, https:\/\/vspoechlarn.ac.at\/wordpress\/wp-content\/uploads\/2025\/11\/IMG-20251120-WA0015.jpg 1440w\" sizes=\"auto, (max-width: 900px) 100vw, 900px\" \/><\/a>            <\/div>\r\n        <\/div>\r\n    <div class=\"clearfix visible-sm-block\"><\/div>    \t<div id=\"5684-image-5687\" class=\"col-xs-12 col-sm-3 col-md-3\">\r\n        \t\t\t\t\t\r\n\t\t\t<div class=\"thumbnail\">\r\n        \t\t\t\t\t\r\n\t\t\t\t<a href='https:\/\/vspoechlarn.ac.at\/wordpress\/2025\/11\/26\/adventeinstimmung\/img-20251120-wa0016\/'><img loading=\"lazy\" decoding=\"async\" width=\"900\" height=\"675\" src=\"https:\/\/vspoechlarn.ac.at\/wordpress\/wp-content\/uploads\/2025\/11\/IMG-20251120-WA0016-1024x768.jpg\" class=\"attachment-large size-large\" alt=\"\" srcset=\"https:\/\/vspoechlarn.ac.at\/wordpress\/wp-content\/uploads\/2025\/11\/IMG-20251120-WA0016-1024x768.jpg 1024w, https:\/\/vspoechlarn.ac.at\/wordpress\/wp-content\/uploads\/2025\/11\/IMG-20251120-WA0016-350x263.jpg 350w, https:\/\/vspoechlarn.ac.at\/wordpress\/wp-content\/uploads\/2025\/11\/IMG-20251120-WA0016-250x188.jpg 250w, https:\/\/vspoechlarn.ac.at\/wordpress\/wp-content\/uploads\/2025\/11\/IMG-20251120-WA0016-1536x1152.jpg 1536w, https:\/\/vspoechlarn.ac.at\/wordpress\/wp-content\/uploads\/2025\/11\/IMG-20251120-WA0016.jpg 1440w\" sizes=\"auto, (max-width: 900px) 100vw, 900px\" \/><\/a>            <\/div>\r\n        <\/div>\r\n        \t<div id=\"5684-image-5688\" class=\"col-xs-12 col-sm-3 col-md-3\">\r\n        \t\t\t\t\t\r\n\t\t\t<div class=\"thumbnail\">\r\n        \t\t\t\t\t\r\n\t\t\t\t<a href='https:\/\/vspoechlarn.ac.at\/wordpress\/2025\/11\/26\/adventeinstimmung\/img-20251120-wa0019\/'><img loading=\"lazy\" decoding=\"async\" width=\"900\" height=\"675\" src=\"https:\/\/vspoechlarn.ac.at\/wordpress\/wp-content\/uploads\/2025\/11\/IMG-20251120-WA0019-1024x768.jpg\" class=\"attachment-large size-large\" alt=\"\" srcset=\"https:\/\/vspoechlarn.ac.at\/wordpress\/wp-content\/uploads\/2025\/11\/IMG-20251120-WA0019-1024x768.jpg 1024w, https:\/\/vspoechlarn.ac.at\/wordpress\/wp-content\/uploads\/2025\/11\/IMG-20251120-WA0019-350x263.jpg 350w, https:\/\/vspoechlarn.ac.at\/wordpress\/wp-content\/uploads\/2025\/11\/IMG-20251120-WA0019-250x188.jpg 250w, https:\/\/vspoechlarn.ac.at\/wordpress\/wp-content\/uploads\/2025\/11\/IMG-20251120-WA0019-1536x1152.jpg 1536w, https:\/\/vspoechlarn.ac.at\/wordpress\/wp-content\/uploads\/2025\/11\/IMG-20251120-WA0019.jpg 1440w\" sizes=\"auto, (max-width: 900px) 100vw, 900px\" \/><\/a>            <\/div>\r\n        <\/div>\r\n    <div class=\"clearfix visible-sm-block\"><\/div><div class=\"clearfix visible-md-block visible-lg-block\"><\/div>    \t<div id=\"5684-image-5689\" class=\"col-xs-12 col-sm-3 col-md-3\">\r\n        \t\t\t\t\t\r\n\t\t\t<div class=\"thumbnail\">\r\n        \t\t\t\t\t\r\n\t\t\t\t<a href='https:\/\/vspoechlarn.ac.at\/wordpress\/2025\/11\/26\/adventeinstimmung\/20251119_103423\/'><img loading=\"lazy\" decoding=\"async\" width=\"900\" height=\"900\" src=\"https:\/\/vspoechlarn.ac.at\/wordpress\/wp-content\/uploads\/2025\/11\/20251119_103423-1024x1024.jpg\" class=\"attachment-large size-large\" alt=\"\" srcset=\"https:\/\/vspoechlarn.ac.at\/wordpress\/wp-content\/uploads\/2025\/11\/20251119_103423-1024x1024.jpg 1024w, https:\/\/vspoechlarn.ac.at\/wordpress\/wp-content\/uploads\/2025\/11\/20251119_103423-300x300.jpg 300w, https:\/\/vspoechlarn.ac.at\/wordpress\/wp-content\/uploads\/2025\/11\/20251119_103423-250x250.jpg 250w, https:\/\/vspoechlarn.ac.at\/wordpress\/wp-content\/uploads\/2025\/11\/20251119_103423-1536x1536.jpg 1536w, https:\/\/vspoechlarn.ac.at\/wordpress\/wp-content\/uploads\/2025\/11\/20251119_103423-2048x2048.jpg 2048w, https:\/\/vspoechlarn.ac.at\/wordpress\/wp-content\/uploads\/2025\/11\/20251119_103423-scaled.jpg 1080w\" sizes=\"auto, (max-width: 900px) 100vw, 900px\" \/><\/a>            <\/div>\r\n        <\/div>\r\n        \t<div id=\"5684-image-5690\" class=\"col-xs-12 col-sm-3 col-md-3\">\r\n        \t\t\t\t\t\r\n\t\t\t<div class=\"thumbnail\">\r\n        \t\t\t\t\t\r\n\t\t\t\t<a href='https:\/\/vspoechlarn.ac.at\/wordpress\/2025\/11\/26\/adventeinstimmung\/img-20251120-wa0002\/'><img loading=\"lazy\" decoding=\"async\" width=\"900\" height=\"675\" src=\"https:\/\/vspoechlarn.ac.at\/wordpress\/wp-content\/uploads\/2025\/11\/IMG-20251120-WA0002-1024x768.jpg\" class=\"attachment-large size-large\" alt=\"\" srcset=\"https:\/\/vspoechlarn.ac.at\/wordpress\/wp-content\/uploads\/2025\/11\/IMG-20251120-WA0002-1024x768.jpg 1024w, https:\/\/vspoechlarn.ac.at\/wordpress\/wp-content\/uploads\/2025\/11\/IMG-20251120-WA0002-350x263.jpg 350w, https:\/\/vspoechlarn.ac.at\/wordpress\/wp-content\/uploads\/2025\/11\/IMG-20251120-WA0002-250x188.jpg 250w, https:\/\/vspoechlarn.ac.at\/wordpress\/wp-content\/uploads\/2025\/11\/IMG-20251120-WA0002-1536x1152.jpg 1536w, https:\/\/vspoechlarn.ac.at\/wordpress\/wp-content\/uploads\/2025\/11\/IMG-20251120-WA0002.jpg 1440w\" sizes=\"auto, (max-width: 900px) 100vw, 900px\" \/><\/a>            <\/div>\r\n        <\/div>\r\n    <div class=\"clearfix visible-sm-block\"><\/div>    \t<div id=\"5684-image-5691\" class=\"col-xs-12 col-sm-3 col-md-3\">\r\n        \t\t\t\t\t\r\n\t\t\t<div class=\"thumbnail\">\r\n        \t\t\t\t\t\r\n\t\t\t\t<a href='https:\/\/vspoechlarn.ac.at\/wordpress\/2025\/11\/26\/adventeinstimmung\/20251119_085629\/'><img loading=\"lazy\" decoding=\"async\" width=\"900\" height=\"900\" src=\"https:\/\/vspoechlarn.ac.at\/wordpress\/wp-content\/uploads\/2025\/11\/20251119_085629-1024x1024.jpg\" class=\"attachment-large size-large\" alt=\"\" srcset=\"https:\/\/vspoechlarn.ac.at\/wordpress\/wp-content\/uploads\/2025\/11\/20251119_085629-1024x1024.jpg 1024w, https:\/\/vspoechlarn.ac.at\/wordpress\/wp-content\/uploads\/2025\/11\/20251119_085629-300x300.jpg 300w, https:\/\/vspoechlarn.ac.at\/wordpress\/wp-content\/uploads\/2025\/11\/20251119_085629-250x250.jpg 250w, https:\/\/vspoechlarn.ac.at\/wordpress\/wp-content\/uploads\/2025\/11\/20251119_085629-1536x1536.jpg 1536w, https:\/\/vspoechlarn.ac.at\/wordpress\/wp-content\/uploads\/2025\/11\/20251119_085629-2048x2048.jpg 2048w, https:\/\/vspoechlarn.ac.at\/wordpress\/wp-content\/uploads\/2025\/11\/20251119_085629-scaled.jpg 1080w\" sizes=\"auto, (max-width: 900px) 100vw, 900px\" \/><\/a>            <\/div>\r\n        <\/div>\r\n        \t<div id=\"5684-image-5692\" class=\"col-xs-12 col-sm-3 col-md-3\">\r\n        \t\t\t\t\t\r\n\t\t\t<div class=\"thumbnail\">\r\n        \t\t\t\t\t\r\n\t\t\t\t<a href='https:\/\/vspoechlarn.ac.at\/wordpress\/2025\/11\/26\/adventeinstimmung\/20251119_083142\/'><img loading=\"lazy\" decoding=\"async\" width=\"900\" height=\"900\" src=\"https:\/\/vspoechlarn.ac.at\/wordpress\/wp-content\/uploads\/2025\/11\/20251119_083142-1024x1024.jpg\" class=\"attachment-large size-large\" alt=\"\" srcset=\"https:\/\/vspoechlarn.ac.at\/wordpress\/wp-content\/uploads\/2025\/11\/20251119_083142-1024x1024.jpg 1024w, https:\/\/vspoechlarn.ac.at\/wordpress\/wp-content\/uploads\/2025\/11\/20251119_083142-300x300.jpg 300w, https:\/\/vspoechlarn.ac.at\/wordpress\/wp-content\/uploads\/2025\/11\/20251119_083142-250x250.jpg 250w, https:\/\/vspoechlarn.ac.at\/wordpress\/wp-content\/uploads\/2025\/11\/20251119_083142-1536x1536.jpg 1536w, https:\/\/vspoechlarn.ac.at\/wordpress\/wp-content\/uploads\/2025\/11\/20251119_083142-2048x2048.jpg 2048w, https:\/\/vspoechlarn.ac.at\/wordpress\/wp-content\/uploads\/2025\/11\/20251119_083142-scaled.jpg 1080w\" sizes=\"auto, (max-width: 900px) 100vw, 900px\" \/><\/a>            <\/div>\r\n        <\/div>\r\n    <div class=\"clearfix visible-sm-block\"><\/div><div class=\"clearfix visible-md-block visible-lg-block\"><\/div>\r\n<\/div>\n","protected":false},"excerpt":{"rendered":"<p>Zur Adventeinstimmung war Frau Fuchs von der G\u00e4rtnerei Fuchs so nett und band mit den Kindern der 4. Klassen Kr\u00e4nze f\u00fcr die Gangdekoration im Stiegenhaus der Volksschule P\u00f6chlarn. Zus\u00e4tzlich konnten [&hellip;]<\/p>\n","protected":false},"author":1,"featured_media":0,"comment_status":"closed","ping_status":"closed","sticky":false,"template":"","format":"standard","meta":{"footnotes":""},"categories":[1],"tags":[],"class_list":["post-5684","post","type-post","status-publish","format-standard","hentry","category-allgemein"],"_links":{"self":[{"href":"https:\/\/vspoechlarn.ac.at\/wordpress\/wp-json\/wp\/v2\/posts\/5684","targetHints":{"allow":["GET"]}}],"collection":[{"href":"https:\/\/vspoechlarn.ac.at\/wordpress\/wp-json\/wp\/v2\/posts"}],"about":[{"href":"https:\/\/vspoechlarn.ac.at\/wordpress\/wp-json\/wp\/v2\/types\/post"}],"author":[{"embeddable":true,"href":"https:\/\/vspoechlarn.ac.at\/wordpress\/wp-json\/wp\/v2\/users\/1"}],"replies":[{"embeddable":true,"href":"https:\/\/vspoechlarn.ac.at\/wordpress\/wp-json\/wp\/v2\/comments?post=5684"}],"version-history":[{"count":1,"href":"https:\/\/vspoechlarn.ac.at\/wordpress\/wp-json\/wp\/v2\/posts\/5684\/revisions"}],"predecessor-version":[{"id":5693,"href":"https:\/\/vspoechlarn.ac.at\/wordpress\/wp-json\/wp\/v2\/posts\/5684\/revisions\/5693"}],"wp:attachment":[{"href":"https:\/\/vspoechlarn.ac.at\/wordpress\/wp-json\/wp\/v2\/media?parent=5684"}],"wp:term":[{"taxonomy":"category","embeddable":true,"href":"https:\/\/vspoechlarn.ac.at\/wordpress\/wp-json\/wp\/v2\/categories?post=5684"},{"taxonomy":"post_tag","embeddable":true,"href":"https:\/\/vspoechlarn.ac.at\/wordpress\/wp-json\/wp\/v2\/tags?post=5684"}],"curies":[{"name":"wp","href":"https:\/\/api.w.org\/{rel}","templated":true}]}}