{"id":5631,"date":"2025-11-06T08:19:19","date_gmt":"2025-11-06T07:19:19","guid":{"rendered":"https:\/\/vspoechlarn.ac.at\/wordpress\/?p=5631"},"modified":"2025-11-17T10:03:26","modified_gmt":"2025-11-17T09:03:26","slug":"unverbindliche-uebung-schach","status":"publish","type":"post","link":"https:\/\/vspoechlarn.ac.at\/wordpress\/2025\/11\/06\/unverbindliche-uebung-schach\/","title":{"rendered":"Unverbindliche \u00dcbung Schach"},"content":{"rendered":"<p>Auch in diesem Jahr ist das Interesse an der unverbindlichen \u00dcbung Schach gro\u00df. 18 Kinder lernen seit September unter der Anleitung von Schach Mastermind Robert Gattermayer und Dir. Thomas Krancan die besten Z\u00fcge, um im Duell der K\u00f6nige den Gegner zu bezwingen. Einen Vorteil dabei haben nat\u00fcrlich die Kinder, die sich schon im letzten Jahr spezielle Taktiken aneignen konnten. Dies schl\u00e4gt sich auch im Zwischenstand der laufenden Herbstmeisterschaft nieder. Nach 12 Runden liegt Gruber Lukas, mit einer Ausbeute von 100%, knapp vor Jan Schlichtinger und dem Neuzugang, Tobias Wochner. Als bestes M\u00e4dchen liegt Anastasiia Volkova derzeit an der 4. Stelle. Ob sich der Erfolgsrun dieser Kinder prolongiert oder J\u00fcngere noch \u00fcberraschen, werden die n\u00e4chsten Wochen zeigen.<\/p>\n<div id=\"gallery_5631_1\" class=\"row\">\r\n\t    \t<div id=\"5631-image-5632\" class=\"col-xs-12 col-sm-4 col-md-4\">\r\n        \t\t\t\t\t\r\n\t\t\t<div class=\"thumbnail\">\r\n        \t\t\t\t\t\r\n\t\t\t\t<a href='https:\/\/vspoechlarn.ac.at\/wordpress\/2025\/11\/06\/unverbindliche-uebung-schach\/thumbnail_img_1013-mittel\/'><img loading=\"lazy\" decoding=\"async\" width=\"900\" height=\"506\" src=\"https:\/\/vspoechlarn.ac.at\/wordpress\/wp-content\/uploads\/2025\/11\/thumbnail_IMG_1013-Mittel-1024x576.jpg\" class=\"attachment-large size-large\" alt=\"\" srcset=\"https:\/\/vspoechlarn.ac.at\/wordpress\/wp-content\/uploads\/2025\/11\/thumbnail_IMG_1013-Mittel-1024x576.jpg 1024w, https:\/\/vspoechlarn.ac.at\/wordpress\/wp-content\/uploads\/2025\/11\/thumbnail_IMG_1013-Mittel-350x197.jpg 350w, https:\/\/vspoechlarn.ac.at\/wordpress\/wp-content\/uploads\/2025\/11\/thumbnail_IMG_1013-Mittel-250x141.jpg 250w, https:\/\/vspoechlarn.ac.at\/wordpress\/wp-content\/uploads\/2025\/11\/thumbnail_IMG_1013-Mittel.jpg 1365w\" sizes=\"auto, (max-width: 900px) 100vw, 900px\" \/><\/a>            <\/div>\r\n        <\/div>\r\n    \r\n<\/div>\n<p>&nbsp;<\/p>\n","protected":false},"excerpt":{"rendered":"<p>Auch in diesem Jahr ist das Interesse an der unverbindlichen \u00dcbung Schach gro\u00df. 18 Kinder lernen seit September unter der Anleitung von Schach Mastermind Robert Gattermayer und Dir. Thomas Krancan [&hellip;]<\/p>\n","protected":false},"author":1,"featured_media":0,"comment_status":"closed","ping_status":"closed","sticky":false,"template":"","format":"standard","meta":{"footnotes":""},"categories":[1],"tags":[],"class_list":["post-5631","post","type-post","status-publish","format-standard","hentry","category-allgemein"],"_links":{"self":[{"href":"https:\/\/vspoechlarn.ac.at\/wordpress\/wp-json\/wp\/v2\/posts\/5631","targetHints":{"allow":["GET"]}}],"collection":[{"href":"https:\/\/vspoechlarn.ac.at\/wordpress\/wp-json\/wp\/v2\/posts"}],"about":[{"href":"https:\/\/vspoechlarn.ac.at\/wordpress\/wp-json\/wp\/v2\/types\/post"}],"author":[{"embeddable":true,"href":"https:\/\/vspoechlarn.ac.at\/wordpress\/wp-json\/wp\/v2\/users\/1"}],"replies":[{"embeddable":true,"href":"https:\/\/vspoechlarn.ac.at\/wordpress\/wp-json\/wp\/v2\/comments?post=5631"}],"version-history":[{"count":2,"href":"https:\/\/vspoechlarn.ac.at\/wordpress\/wp-json\/wp\/v2\/posts\/5631\/revisions"}],"predecessor-version":[{"id":5637,"href":"https:\/\/vspoechlarn.ac.at\/wordpress\/wp-json\/wp\/v2\/posts\/5631\/revisions\/5637"}],"wp:attachment":[{"href":"https:\/\/vspoechlarn.ac.at\/wordpress\/wp-json\/wp\/v2\/media?parent=5631"}],"wp:term":[{"taxonomy":"category","embeddable":true,"href":"https:\/\/vspoechlarn.ac.at\/wordpress\/wp-json\/wp\/v2\/categories?post=5631"},{"taxonomy":"post_tag","embeddable":true,"href":"https:\/\/vspoechlarn.ac.at\/wordpress\/wp-json\/wp\/v2\/tags?post=5631"}],"curies":[{"name":"wp","href":"https:\/\/api.w.org\/{rel}","templated":true}]}}