{"id":5570,"date":"2025-09-19T21:54:36","date_gmt":"2025-09-19T19:54:36","guid":{"rendered":"https:\/\/vspoechlarn.ac.at\/wordpress\/?p=5570"},"modified":"2025-09-22T07:28:48","modified_gmt":"2025-09-22T05:28:48","slug":"wandertag","status":"publish","type":"post","link":"https:\/\/vspoechlarn.ac.at\/wordpress\/2025\/09\/19\/wandertag\/","title":{"rendered":"Wandertag"},"content":{"rendered":"<p>Heute gingen die Sch\u00fclerinnen und Sch\u00fcler der gesamten Volksschule bei herrlichem Herbstwetter auf Wandertag. Ziel war der Fu\u00dfballplatz in Ornding. F\u00fcr die Organisation vor Ort bedanken wir uns ganz herzlich bei Frau Kerstin Thain und Familie Fohringer.<\/p>\n<div id=\"gallery_5570_1\" class=\"row\">\r\n\t    \t<div id=\"5570-image-5571\" class=\"col-xs-12 col-sm-4 col-md-4\">\r\n        \t\t\t\t\t\r\n\t\t\t<div class=\"thumbnail\">\r\n        \t\t\t\t\t\r\n\t\t\t\t<a href='https:\/\/vspoechlarn.ac.at\/wordpress\/2025\/09\/19\/wandertag\/img-20250919-wa0023\/'><img loading=\"lazy\" decoding=\"async\" width=\"900\" height=\"675\" src=\"https:\/\/vspoechlarn.ac.at\/wordpress\/wp-content\/uploads\/2025\/09\/IMG-20250919-WA0023-1024x768.jpg\" class=\"attachment-large size-large\" alt=\"\" srcset=\"https:\/\/vspoechlarn.ac.at\/wordpress\/wp-content\/uploads\/2025\/09\/IMG-20250919-WA0023-1024x768.jpg 1024w, https:\/\/vspoechlarn.ac.at\/wordpress\/wp-content\/uploads\/2025\/09\/IMG-20250919-WA0023-350x263.jpg 350w, https:\/\/vspoechlarn.ac.at\/wordpress\/wp-content\/uploads\/2025\/09\/IMG-20250919-WA0023-250x188.jpg 250w, https:\/\/vspoechlarn.ac.at\/wordpress\/wp-content\/uploads\/2025\/09\/IMG-20250919-WA0023-1536x1152.jpg 1536w, https:\/\/vspoechlarn.ac.at\/wordpress\/wp-content\/uploads\/2025\/09\/IMG-20250919-WA0023.jpg 1440w\" sizes=\"auto, (max-width: 900px) 100vw, 900px\" \/><\/a>            <\/div>\r\n        <\/div>\r\n        \t<div id=\"5570-image-5572\" class=\"col-xs-12 col-sm-4 col-md-4\">\r\n        \t\t\t\t\t\r\n\t\t\t<div class=\"thumbnail\">\r\n        \t\t\t\t\t\r\n\t\t\t\t<a href='https:\/\/vspoechlarn.ac.at\/wordpress\/2025\/09\/19\/wandertag\/img-20250919-wa0025\/'><img loading=\"lazy\" decoding=\"async\" width=\"900\" height=\"675\" src=\"https:\/\/vspoechlarn.ac.at\/wordpress\/wp-content\/uploads\/2025\/09\/IMG-20250919-WA0025-1024x768.jpg\" class=\"attachment-large size-large\" alt=\"\" srcset=\"https:\/\/vspoechlarn.ac.at\/wordpress\/wp-content\/uploads\/2025\/09\/IMG-20250919-WA0025-1024x768.jpg 1024w, https:\/\/vspoechlarn.ac.at\/wordpress\/wp-content\/uploads\/2025\/09\/IMG-20250919-WA0025-350x263.jpg 350w, https:\/\/vspoechlarn.ac.at\/wordpress\/wp-content\/uploads\/2025\/09\/IMG-20250919-WA0025-250x188.jpg 250w, https:\/\/vspoechlarn.ac.at\/wordpress\/wp-content\/uploads\/2025\/09\/IMG-20250919-WA0025-1536x1152.jpg 1536w, https:\/\/vspoechlarn.ac.at\/wordpress\/wp-content\/uploads\/2025\/09\/IMG-20250919-WA0025.jpg 1440w\" sizes=\"auto, (max-width: 900px) 100vw, 900px\" \/><\/a>            <\/div>\r\n        <\/div>\r\n    <div class=\"clearfix visible-sm-block\"><\/div>    \t<div id=\"5570-image-5573\" class=\"col-xs-12 col-sm-4 col-md-4\">\r\n        \t\t\t\t\t\r\n\t\t\t<div class=\"thumbnail\">\r\n        \t\t\t\t\t\r\n\t\t\t\t<a href='https:\/\/vspoechlarn.ac.at\/wordpress\/2025\/09\/19\/wandertag\/img-20250919-wa0020\/'><img loading=\"lazy\" decoding=\"async\" width=\"900\" height=\"675\" src=\"https:\/\/vspoechlarn.ac.at\/wordpress\/wp-content\/uploads\/2025\/09\/IMG-20250919-WA0020-1024x768.jpg\" class=\"attachment-large size-large\" alt=\"\" srcset=\"https:\/\/vspoechlarn.ac.at\/wordpress\/wp-content\/uploads\/2025\/09\/IMG-20250919-WA0020-1024x768.jpg 1024w, https:\/\/vspoechlarn.ac.at\/wordpress\/wp-content\/uploads\/2025\/09\/IMG-20250919-WA0020-350x263.jpg 350w, https:\/\/vspoechlarn.ac.at\/wordpress\/wp-content\/uploads\/2025\/09\/IMG-20250919-WA0020-250x188.jpg 250w, https:\/\/vspoechlarn.ac.at\/wordpress\/wp-content\/uploads\/2025\/09\/IMG-20250919-WA0020-1536x1152.jpg 1536w, https:\/\/vspoechlarn.ac.at\/wordpress\/wp-content\/uploads\/2025\/09\/IMG-20250919-WA0020.jpg 1440w\" sizes=\"auto, (max-width: 900px) 100vw, 900px\" \/><\/a>            <\/div>\r\n        <\/div>\r\n    <div class=\"clearfix visible-md-block visible-lg-block\"><\/div>    \t<div id=\"5570-image-5574\" class=\"col-xs-12 col-sm-4 col-md-4\">\r\n        \t\t\t\t\t\r\n\t\t\t<div class=\"thumbnail\">\r\n        \t\t\t\t\t\r\n\t\t\t\t<a href='https:\/\/vspoechlarn.ac.at\/wordpress\/2025\/09\/19\/wandertag\/img-20250919-wa0012\/'><img loading=\"lazy\" decoding=\"async\" width=\"768\" height=\"1024\" src=\"https:\/\/vspoechlarn.ac.at\/wordpress\/wp-content\/uploads\/2025\/09\/IMG-20250919-WA0012-768x1024.jpg\" class=\"attachment-large size-large\" alt=\"\" srcset=\"https:\/\/vspoechlarn.ac.at\/wordpress\/wp-content\/uploads\/2025\/09\/IMG-20250919-WA0012-768x1024.jpg 768w, https:\/\/vspoechlarn.ac.at\/wordpress\/wp-content\/uploads\/2025\/09\/IMG-20250919-WA0012-225x300.jpg 225w, https:\/\/vspoechlarn.ac.at\/wordpress\/wp-content\/uploads\/2025\/09\/IMG-20250919-WA0012-188x250.jpg 188w, https:\/\/vspoechlarn.ac.at\/wordpress\/wp-content\/uploads\/2025\/09\/IMG-20250919-WA0012-1152x1536.jpg 1152w, https:\/\/vspoechlarn.ac.at\/wordpress\/wp-content\/uploads\/2025\/09\/IMG-20250919-WA0012.jpg 810w\" sizes=\"auto, (max-width: 768px) 100vw, 768px\" \/><\/a>            <\/div>\r\n        <\/div>\r\n        \t<div id=\"5570-image-5575\" class=\"col-xs-12 col-sm-4 col-md-4\">\r\n        \t\t\t\t\t\r\n\t\t\t<div class=\"thumbnail\">\r\n        \t\t\t\t\t\r\n\t\t\t\t<a href='https:\/\/vspoechlarn.ac.at\/wordpress\/2025\/09\/19\/wandertag\/img-20250919-wa0002\/'><img loading=\"lazy\" decoding=\"async\" width=\"768\" height=\"1024\" src=\"https:\/\/vspoechlarn.ac.at\/wordpress\/wp-content\/uploads\/2025\/09\/IMG-20250919-WA0002-768x1024.jpg\" class=\"attachment-large size-large\" alt=\"\" srcset=\"https:\/\/vspoechlarn.ac.at\/wordpress\/wp-content\/uploads\/2025\/09\/IMG-20250919-WA0002-768x1024.jpg 768w, https:\/\/vspoechlarn.ac.at\/wordpress\/wp-content\/uploads\/2025\/09\/IMG-20250919-WA0002-225x300.jpg 225w, https:\/\/vspoechlarn.ac.at\/wordpress\/wp-content\/uploads\/2025\/09\/IMG-20250919-WA0002-188x250.jpg 188w, https:\/\/vspoechlarn.ac.at\/wordpress\/wp-content\/uploads\/2025\/09\/IMG-20250919-WA0002-1152x1536.jpg 1152w, https:\/\/vspoechlarn.ac.at\/wordpress\/wp-content\/uploads\/2025\/09\/IMG-20250919-WA0002.jpg 810w\" sizes=\"auto, (max-width: 768px) 100vw, 768px\" \/><\/a>            <\/div>\r\n        <\/div>\r\n    <div class=\"clearfix visible-sm-block\"><\/div>\r\n<\/div>\n","protected":false},"excerpt":{"rendered":"<p>Heute gingen die Sch\u00fclerinnen und Sch\u00fcler der gesamten Volksschule bei herrlichem Herbstwetter auf Wandertag. Ziel war der Fu\u00dfballplatz in Ornding. F\u00fcr die Organisation vor Ort bedanken wir uns ganz herzlich [&hellip;]<\/p>\n","protected":false},"author":1,"featured_media":0,"comment_status":"closed","ping_status":"closed","sticky":false,"template":"","format":"standard","meta":{"footnotes":""},"categories":[1],"tags":[],"class_list":["post-5570","post","type-post","status-publish","format-standard","hentry","category-allgemein"],"_links":{"self":[{"href":"https:\/\/vspoechlarn.ac.at\/wordpress\/wp-json\/wp\/v2\/posts\/5570","targetHints":{"allow":["GET"]}}],"collection":[{"href":"https:\/\/vspoechlarn.ac.at\/wordpress\/wp-json\/wp\/v2\/posts"}],"about":[{"href":"https:\/\/vspoechlarn.ac.at\/wordpress\/wp-json\/wp\/v2\/types\/post"}],"author":[{"embeddable":true,"href":"https:\/\/vspoechlarn.ac.at\/wordpress\/wp-json\/wp\/v2\/users\/1"}],"replies":[{"embeddable":true,"href":"https:\/\/vspoechlarn.ac.at\/wordpress\/wp-json\/wp\/v2\/comments?post=5570"}],"version-history":[{"count":2,"href":"https:\/\/vspoechlarn.ac.at\/wordpress\/wp-json\/wp\/v2\/posts\/5570\/revisions"}],"predecessor-version":[{"id":5577,"href":"https:\/\/vspoechlarn.ac.at\/wordpress\/wp-json\/wp\/v2\/posts\/5570\/revisions\/5577"}],"wp:attachment":[{"href":"https:\/\/vspoechlarn.ac.at\/wordpress\/wp-json\/wp\/v2\/media?parent=5570"}],"wp:term":[{"taxonomy":"category","embeddable":true,"href":"https:\/\/vspoechlarn.ac.at\/wordpress\/wp-json\/wp\/v2\/categories?post=5570"},{"taxonomy":"post_tag","embeddable":true,"href":"https:\/\/vspoechlarn.ac.at\/wordpress\/wp-json\/wp\/v2\/tags?post=5570"}],"curies":[{"name":"wp","href":"https:\/\/api.w.org\/{rel}","templated":true}]}}